{"id":7607,"date":"2021-08-18T13:12:54","date_gmt":"2021-08-18T13:12:54","guid":{"rendered":"https:\/\/ampdigital.ca\/facade-en-beton-habillee-en-vinyle-aux-couleurs-de-la-fierte-gay-a-montreal\/"},"modified":"2021-08-18T13:25:26","modified_gmt":"2021-08-18T13:25:26","slug":"concrete-facade-dressed-in-vinyl-to-the-colors-of-gay-pride-in-montreal","status":"publish","type":"post","link":"https:\/\/ampdigital.ca\/en\/concrete-facade-dressed-in-vinyl-to-the-colors-of-gay-pride-in-montreal\/","title":{"rendered":"Concrete facade dressed in vinyl to the colors of gay pride in Montreal"},"content":{"rendered":"\n<p class=\"wp-block-paragraph\">For the Montreal Gay Pride Festival, Complexe Desjardins had asked us to dress one of their facade in the colors of the rainbow.<\/p>\n\n\n\n<p class=\"wp-block-paragraph\">Once they provided us with the print files, it was our turn to play!<\/p>\n\n\n\n<p class=\"wp-block-paragraph\">The first difficulty was to choose the right material. This is a temporary installation so we had to choose a quality vinyl that would leave no mark after the project was over. However, we still had to have a good adhesion since we were installing everything on a concrete surface. This, being imperfect, represented a good challenge in terms of membership but also of the final look.<\/p>\n\n\n\n<figure class=\"wp-block-gallery columns-2 is-cropped wp-block-gallery-1 is-layout-flex wp-block-gallery-is-layout-flex\"><ul class=\"blocks-gallery-grid\"><li class=\"blocks-gallery-item\"><figure><img loading=\"lazy\" decoding=\"async\" width=\"1500\" height=\"1125\" src=\"https:\/\/ampdigital.ca\/wp-content\/uploads\/2021\/08\/20210816_191916.jpg\" alt=\"Vinyle imprim\u00e9 sur b\u00e9ton\" data-id=\"7605\" data-full-url=\"https:\/\/ampdigital.ca\/wp-content\/uploads\/2021\/08\/20210816_191916.jpg\" data-link=\"https:\/\/ampdigital.ca\/?attachment_id=7605\" class=\"wp-image-7605\" srcset=\"https:\/\/ampdigital.ca\/wp-content\/uploads\/2021\/08\/20210816_191916.jpg 1500w, https:\/\/ampdigital.ca\/wp-content\/uploads\/2021\/08\/20210816_191916-700x525.jpg 700w, https:\/\/ampdigital.ca\/wp-content\/uploads\/2021\/08\/20210816_191916-768x576.jpg 768w, https:\/\/ampdigital.ca\/wp-content\/uploads\/2021\/08\/20210816_191916-600x450.jpg 600w\" sizes=\"auto, (max-width: 1500px) 100vw, 1500px\" \/><figcaption class=\"blocks-gallery-item__caption\">Vinyle imprim\u00e9 sur b\u00e9ton<\/figcaption><\/figure><\/li><li class=\"blocks-gallery-item\"><figure><img loading=\"lazy\" decoding=\"async\" width=\"1500\" height=\"1125\" src=\"https:\/\/ampdigital.ca\/wp-content\/uploads\/2021\/08\/20210816_191856.jpg\" alt=\"Vinyle imprim\u00e9 sur b\u00e9ton\" data-id=\"7604\" data-full-url=\"https:\/\/ampdigital.ca\/wp-content\/uploads\/2021\/08\/20210816_191856.jpg\" data-link=\"https:\/\/ampdigital.ca\/?attachment_id=7604\" class=\"wp-image-7604\" srcset=\"https:\/\/ampdigital.ca\/wp-content\/uploads\/2021\/08\/20210816_191856.jpg 1500w, https:\/\/ampdigital.ca\/wp-content\/uploads\/2021\/08\/20210816_191856-700x525.jpg 700w, https:\/\/ampdigital.ca\/wp-content\/uploads\/2021\/08\/20210816_191856-768x576.jpg 768w, https:\/\/ampdigital.ca\/wp-content\/uploads\/2021\/08\/20210816_191856-600x450.jpg 600w\" sizes=\"auto, (max-width: 1500px) 100vw, 1500px\" \/><figcaption class=\"blocks-gallery-item__caption\">Vinyle imprim\u00e9 sur b\u00e9ton<\/figcaption><\/figure><\/li><\/ul><\/figure>\n\n\n\n<p class=\"wp-block-paragraph\">Then our large format printing team produced the vinyl tiles on our large format UV printers.<\/p>\n\n\n\n<p class=\"wp-block-paragraph\">Once there, the installers used a small basket so that they could pass on the sidewalk.<\/p>\n\n\n\n<p class=\"wp-block-paragraph\">As you can see, we installed the vinyl around the Desjardins logo which added a level of difficulty. Now that we see the end result, it was worth it!<\/p>\n\n\n\n<p class=\"wp-block-paragraph\">Our teams are always available if you have questions, don&#8217;t hesitate to <em><a href=\"https:\/\/ampdigital.ca\/en\/contact-us\/\">contact us<\/a><\/em> to start your next project!<\/p>\n","protected":false},"excerpt":{"rendered":"<p>For the Montreal Gay Pride Festival, Complexe Desjardins had asked us to dress one of their facade in the colors of the rainbow. Once they provided us with the print files, it was our turn to play! The first difficulty was to choose the right material. This is a temporary installation so we had to [&hellip;]<\/p>\n","protected":false},"author":1,"featured_media":7604,"comment_status":"closed","ping_status":"open","sticky":false,"template":"","format":"standard","meta":{"_acf_changed":false,"_coblocks_attr":"","_coblocks_dimensions":"","_coblocks_responsive_height":"","_coblocks_accordion_ie_support":"","_crdt_document":"","footnotes":""},"categories":[328,495,468,492],"tags":[553],"class_list":["post-7607","post","type-post","status-publish","format-standard","has-post-thumbnail","hentry","category-featured","category-large-format-print-installation","category-projects","category-struture-lettering","tag-vinyl"],"acf":[],"yoast_head":"<!-- This site is optimized with the Yoast SEO plugin v27.3 - https:\/\/yoast.com\/product\/yoast-seo-wordpress\/ -->\n<title>Concrete facade dressed in vinyl to the colors of gay pride in Montreal - AMP Digital Inc.<\/title>\n<meta name=\"robots\" content=\"index, follow, max-snippet:-1, max-image-preview:large, max-video-preview:-1\" \/>\n<link rel=\"canonical\" href=\"https:\/\/ampdigital.ca\/en\/concrete-facade-dressed-in-vinyl-to-the-colors-of-gay-pride-in-montreal\/\" \/>\n<meta property=\"og:locale\" content=\"en_US\" \/>\n<meta property=\"og:type\" content=\"article\" \/>\n<meta property=\"og:title\" content=\"Concrete facade dressed in vinyl to the colors of gay pride in Montreal - AMP Digital Inc.\" \/>\n<meta property=\"og:description\" content=\"For the Montreal Gay Pride Festival, Complexe Desjardins had asked us to dress one of their facade in the colors of the rainbow. Once they provided us with the print files, it was our turn to play! The first difficulty was to choose the right material. This is a temporary installation so we had to [&hellip;]\" \/>\n<meta property=\"og:url\" content=\"https:\/\/ampdigital.ca\/en\/concrete-facade-dressed-in-vinyl-to-the-colors-of-gay-pride-in-montreal\/\" \/>\n<meta property=\"og:site_name\" content=\"AMP Digital Inc.\" \/>\n<meta property=\"article:author\" content=\"https:\/\/www.facebook.com\/fsenterre\/\" \/>\n<meta property=\"article:published_time\" content=\"2021-08-18T13:12:54+00:00\" \/>\n<meta property=\"article:modified_time\" content=\"2021-08-18T13:25:26+00:00\" \/>\n<meta property=\"og:image\" content=\"https:\/\/ampdigital.ca\/wp-content\/uploads\/2021\/08\/20210816_191856.jpg\" \/>\n\t<meta property=\"og:image:width\" content=\"1500\" \/>\n\t<meta property=\"og:image:height\" content=\"1125\" \/>\n\t<meta property=\"og:image:type\" content=\"image\/jpeg\" \/>\n<meta name=\"author\" content=\"Fr\u00e9d\u00e9ric Senterre\" \/>\n<meta name=\"twitter:card\" content=\"summary_large_image\" \/>\n<meta name=\"twitter:label1\" content=\"Written by\" \/>\n\t<meta name=\"twitter:data1\" content=\"Fr\u00e9d\u00e9ric Senterre\" \/>\n\t<meta name=\"twitter:label2\" content=\"Est. reading time\" \/>\n\t<meta name=\"twitter:data2\" content=\"2 minutes\" \/>\n<script type=\"application\/ld+json\" class=\"yoast-schema-graph\">{\"@context\":\"https:\\\/\\\/schema.org\",\"@graph\":[{\"@type\":\"NewsArticle\",\"@id\":\"https:\\\/\\\/ampdigital.ca\\\/en\\\/concrete-facade-dressed-in-vinyl-to-the-colors-of-gay-pride-in-montreal\\\/#article\",\"isPartOf\":{\"@id\":\"https:\\\/\\\/ampdigital.ca\\\/en\\\/concrete-facade-dressed-in-vinyl-to-the-colors-of-gay-pride-in-montreal\\\/\"},\"author\":{\"name\":\"Fr\u00e9d\u00e9ric Senterre\",\"@id\":\"https:\\\/\\\/ampdigital.ca\\\/en\\\/#\\\/schema\\\/person\\\/14c53000cf73b1aafbc66f97e6f2b7ce\"},\"headline\":\"Concrete facade dressed in vinyl to the colors of gay pride in Montreal\",\"datePublished\":\"2021-08-18T13:12:54+00:00\",\"dateModified\":\"2021-08-18T13:25:26+00:00\",\"mainEntityOfPage\":{\"@id\":\"https:\\\/\\\/ampdigital.ca\\\/en\\\/concrete-facade-dressed-in-vinyl-to-the-colors-of-gay-pride-in-montreal\\\/\"},\"wordCount\":208,\"publisher\":{\"@id\":\"https:\\\/\\\/ampdigital.ca\\\/en\\\/#organization\"},\"image\":{\"@id\":\"https:\\\/\\\/ampdigital.ca\\\/en\\\/concrete-facade-dressed-in-vinyl-to-the-colors-of-gay-pride-in-montreal\\\/#primaryimage\"},\"thumbnailUrl\":\"https:\\\/\\\/ampdigital.ca\\\/wp-content\\\/uploads\\\/2021\\\/08\\\/20210816_191856.jpg\",\"keywords\":[\"Vinyl\"],\"articleSection\":[\"Featured\",\"Large format print installation\",\"Projects\",\"Struture lettering\"],\"inLanguage\":\"en-US\"},{\"@type\":\"WebPage\",\"@id\":\"https:\\\/\\\/ampdigital.ca\\\/en\\\/concrete-facade-dressed-in-vinyl-to-the-colors-of-gay-pride-in-montreal\\\/\",\"url\":\"https:\\\/\\\/ampdigital.ca\\\/en\\\/concrete-facade-dressed-in-vinyl-to-the-colors-of-gay-pride-in-montreal\\\/\",\"name\":\"Concrete facade dressed in vinyl to the colors of gay pride in Montreal - AMP Digital Inc.\",\"isPartOf\":{\"@id\":\"https:\\\/\\\/ampdigital.ca\\\/en\\\/#website\"},\"primaryImageOfPage\":{\"@id\":\"https:\\\/\\\/ampdigital.ca\\\/en\\\/concrete-facade-dressed-in-vinyl-to-the-colors-of-gay-pride-in-montreal\\\/#primaryimage\"},\"image\":{\"@id\":\"https:\\\/\\\/ampdigital.ca\\\/en\\\/concrete-facade-dressed-in-vinyl-to-the-colors-of-gay-pride-in-montreal\\\/#primaryimage\"},\"thumbnailUrl\":\"https:\\\/\\\/ampdigital.ca\\\/wp-content\\\/uploads\\\/2021\\\/08\\\/20210816_191856.jpg\",\"datePublished\":\"2021-08-18T13:12:54+00:00\",\"dateModified\":\"2021-08-18T13:25:26+00:00\",\"breadcrumb\":{\"@id\":\"https:\\\/\\\/ampdigital.ca\\\/en\\\/concrete-facade-dressed-in-vinyl-to-the-colors-of-gay-pride-in-montreal\\\/#breadcrumb\"},\"inLanguage\":\"en-US\",\"potentialAction\":[{\"@type\":\"ReadAction\",\"target\":[\"https:\\\/\\\/ampdigital.ca\\\/en\\\/concrete-facade-dressed-in-vinyl-to-the-colors-of-gay-pride-in-montreal\\\/\"]}]},{\"@type\":\"ImageObject\",\"inLanguage\":\"en-US\",\"@id\":\"https:\\\/\\\/ampdigital.ca\\\/en\\\/concrete-facade-dressed-in-vinyl-to-the-colors-of-gay-pride-in-montreal\\\/#primaryimage\",\"url\":\"https:\\\/\\\/ampdigital.ca\\\/wp-content\\\/uploads\\\/2021\\\/08\\\/20210816_191856.jpg\",\"contentUrl\":\"https:\\\/\\\/ampdigital.ca\\\/wp-content\\\/uploads\\\/2021\\\/08\\\/20210816_191856.jpg\",\"width\":1500,\"height\":1125,\"caption\":\"Vinyle imprim\u00e9 sur b\u00e9ton\"},{\"@type\":\"BreadcrumbList\",\"@id\":\"https:\\\/\\\/ampdigital.ca\\\/en\\\/concrete-facade-dressed-in-vinyl-to-the-colors-of-gay-pride-in-montreal\\\/#breadcrumb\",\"itemListElement\":[{\"@type\":\"ListItem\",\"position\":1,\"name\":\"Home\",\"item\":\"https:\\\/\\\/ampdigital.ca\\\/en\\\/\"},{\"@type\":\"ListItem\",\"position\":2,\"name\":\"Concrete facade dressed in vinyl to the colors of gay pride in Montreal\"}]},{\"@type\":\"WebSite\",\"@id\":\"https:\\\/\\\/ampdigital.ca\\\/en\\\/#website\",\"url\":\"https:\\\/\\\/ampdigital.ca\\\/en\\\/\",\"name\":\"AMP Digital Inc.\",\"description\":\"Digital Agency\",\"publisher\":{\"@id\":\"https:\\\/\\\/ampdigital.ca\\\/en\\\/#organization\"},\"potentialAction\":[{\"@type\":\"SearchAction\",\"target\":{\"@type\":\"EntryPoint\",\"urlTemplate\":\"https:\\\/\\\/ampdigital.ca\\\/en\\\/?s={search_term_string}\"},\"query-input\":{\"@type\":\"PropertyValueSpecification\",\"valueRequired\":true,\"valueName\":\"search_term_string\"}}],\"inLanguage\":\"en-US\"},{\"@type\":\"Organization\",\"@id\":\"https:\\\/\\\/ampdigital.ca\\\/en\\\/#organization\",\"name\":\"AMP Digital Inc.\",\"url\":\"https:\\\/\\\/ampdigital.ca\\\/en\\\/\",\"logo\":{\"@type\":\"ImageObject\",\"inLanguage\":\"en-US\",\"@id\":\"https:\\\/\\\/ampdigital.ca\\\/en\\\/#\\\/schema\\\/logo\\\/image\\\/\",\"url\":\"https:\\\/\\\/i1.wp.com\\\/ampdigital.ca\\\/wp-content\\\/uploads\\\/2020\\\/04\\\/ampdigital_outline-trans-small.png?fit=200%2C114&ssl=1\",\"contentUrl\":\"https:\\\/\\\/i1.wp.com\\\/ampdigital.ca\\\/wp-content\\\/uploads\\\/2020\\\/04\\\/ampdigital_outline-trans-small.png?fit=200%2C114&ssl=1\",\"width\":200,\"height\":114,\"caption\":\"AMP Digital Inc.\"},\"image\":{\"@id\":\"https:\\\/\\\/ampdigital.ca\\\/en\\\/#\\\/schema\\\/logo\\\/image\\\/\"}},{\"@type\":\"Person\",\"@id\":\"https:\\\/\\\/ampdigital.ca\\\/en\\\/#\\\/schema\\\/person\\\/14c53000cf73b1aafbc66f97e6f2b7ce\",\"name\":\"Fr\u00e9d\u00e9ric Senterre\",\"image\":{\"@type\":\"ImageObject\",\"inLanguage\":\"en-US\",\"@id\":\"https:\\\/\\\/secure.gravatar.com\\\/avatar\\\/7967b7650f8238dfb5886a79ca4c2771d8d113fe73a765b392c2e129fdd7b4a0?s=96&d=mm&r=g\",\"url\":\"https:\\\/\\\/secure.gravatar.com\\\/avatar\\\/7967b7650f8238dfb5886a79ca4c2771d8d113fe73a765b392c2e129fdd7b4a0?s=96&d=mm&r=g\",\"contentUrl\":\"https:\\\/\\\/secure.gravatar.com\\\/avatar\\\/7967b7650f8238dfb5886a79ca4c2771d8d113fe73a765b392c2e129fdd7b4a0?s=96&d=mm&r=g\",\"caption\":\"Fr\u00e9d\u00e9ric Senterre\"},\"sameAs\":[\"http:\\\/\\\/fredericsenterre.com\",\"https:\\\/\\\/www.facebook.com\\\/fsenterre\\\/\",\"https:\\\/\\\/www.instagram.com\\\/fsenterre\"],\"url\":\"https:\\\/\\\/ampdigital.ca\\\/en\\\/author\\\/fred\\\/\"}]}<\/script>\n<!-- \/ Yoast SEO plugin. -->","yoast_head_json":{"title":"Concrete facade dressed in vinyl to the colors of gay pride in Montreal - AMP Digital Inc.","robots":{"index":"index","follow":"follow","max-snippet":"max-snippet:-1","max-image-preview":"max-image-preview:large","max-video-preview":"max-video-preview:-1"},"canonical":"https:\/\/ampdigital.ca\/en\/concrete-facade-dressed-in-vinyl-to-the-colors-of-gay-pride-in-montreal\/","og_locale":"en_US","og_type":"article","og_title":"Concrete facade dressed in vinyl to the colors of gay pride in Montreal - AMP Digital Inc.","og_description":"For the Montreal Gay Pride Festival, Complexe Desjardins had asked us to dress one of their facade in the colors of the rainbow. Once they provided us with the print files, it was our turn to play! The first difficulty was to choose the right material. This is a temporary installation so we had to [&hellip;]","og_url":"https:\/\/ampdigital.ca\/en\/concrete-facade-dressed-in-vinyl-to-the-colors-of-gay-pride-in-montreal\/","og_site_name":"AMP Digital Inc.","article_author":"https:\/\/www.facebook.com\/fsenterre\/","article_published_time":"2021-08-18T13:12:54+00:00","article_modified_time":"2021-08-18T13:25:26+00:00","og_image":[{"width":1500,"height":1125,"url":"https:\/\/ampdigital.ca\/wp-content\/uploads\/2021\/08\/20210816_191856.jpg","type":"image\/jpeg"}],"author":"Fr\u00e9d\u00e9ric Senterre","twitter_card":"summary_large_image","twitter_misc":{"Written by":"Fr\u00e9d\u00e9ric Senterre","Est. reading time":"2 minutes"},"schema":{"@context":"https:\/\/schema.org","@graph":[{"@type":"NewsArticle","@id":"https:\/\/ampdigital.ca\/en\/concrete-facade-dressed-in-vinyl-to-the-colors-of-gay-pride-in-montreal\/#article","isPartOf":{"@id":"https:\/\/ampdigital.ca\/en\/concrete-facade-dressed-in-vinyl-to-the-colors-of-gay-pride-in-montreal\/"},"author":{"name":"Fr\u00e9d\u00e9ric Senterre","@id":"https:\/\/ampdigital.ca\/en\/#\/schema\/person\/14c53000cf73b1aafbc66f97e6f2b7ce"},"headline":"Concrete facade dressed in vinyl to the colors of gay pride in Montreal","datePublished":"2021-08-18T13:12:54+00:00","dateModified":"2021-08-18T13:25:26+00:00","mainEntityOfPage":{"@id":"https:\/\/ampdigital.ca\/en\/concrete-facade-dressed-in-vinyl-to-the-colors-of-gay-pride-in-montreal\/"},"wordCount":208,"publisher":{"@id":"https:\/\/ampdigital.ca\/en\/#organization"},"image":{"@id":"https:\/\/ampdigital.ca\/en\/concrete-facade-dressed-in-vinyl-to-the-colors-of-gay-pride-in-montreal\/#primaryimage"},"thumbnailUrl":"https:\/\/ampdigital.ca\/wp-content\/uploads\/2021\/08\/20210816_191856.jpg","keywords":["Vinyl"],"articleSection":["Featured","Large format print installation","Projects","Struture lettering"],"inLanguage":"en-US"},{"@type":"WebPage","@id":"https:\/\/ampdigital.ca\/en\/concrete-facade-dressed-in-vinyl-to-the-colors-of-gay-pride-in-montreal\/","url":"https:\/\/ampdigital.ca\/en\/concrete-facade-dressed-in-vinyl-to-the-colors-of-gay-pride-in-montreal\/","name":"Concrete facade dressed in vinyl to the colors of gay pride in Montreal - AMP Digital Inc.","isPartOf":{"@id":"https:\/\/ampdigital.ca\/en\/#website"},"primaryImageOfPage":{"@id":"https:\/\/ampdigital.ca\/en\/concrete-facade-dressed-in-vinyl-to-the-colors-of-gay-pride-in-montreal\/#primaryimage"},"image":{"@id":"https:\/\/ampdigital.ca\/en\/concrete-facade-dressed-in-vinyl-to-the-colors-of-gay-pride-in-montreal\/#primaryimage"},"thumbnailUrl":"https:\/\/ampdigital.ca\/wp-content\/uploads\/2021\/08\/20210816_191856.jpg","datePublished":"2021-08-18T13:12:54+00:00","dateModified":"2021-08-18T13:25:26+00:00","breadcrumb":{"@id":"https:\/\/ampdigital.ca\/en\/concrete-facade-dressed-in-vinyl-to-the-colors-of-gay-pride-in-montreal\/#breadcrumb"},"inLanguage":"en-US","potentialAction":[{"@type":"ReadAction","target":["https:\/\/ampdigital.ca\/en\/concrete-facade-dressed-in-vinyl-to-the-colors-of-gay-pride-in-montreal\/"]}]},{"@type":"ImageObject","inLanguage":"en-US","@id":"https:\/\/ampdigital.ca\/en\/concrete-facade-dressed-in-vinyl-to-the-colors-of-gay-pride-in-montreal\/#primaryimage","url":"https:\/\/ampdigital.ca\/wp-content\/uploads\/2021\/08\/20210816_191856.jpg","contentUrl":"https:\/\/ampdigital.ca\/wp-content\/uploads\/2021\/08\/20210816_191856.jpg","width":1500,"height":1125,"caption":"Vinyle imprim\u00e9 sur b\u00e9ton"},{"@type":"BreadcrumbList","@id":"https:\/\/ampdigital.ca\/en\/concrete-facade-dressed-in-vinyl-to-the-colors-of-gay-pride-in-montreal\/#breadcrumb","itemListElement":[{"@type":"ListItem","position":1,"name":"Home","item":"https:\/\/ampdigital.ca\/en\/"},{"@type":"ListItem","position":2,"name":"Concrete facade dressed in vinyl to the colors of gay pride in Montreal"}]},{"@type":"WebSite","@id":"https:\/\/ampdigital.ca\/en\/#website","url":"https:\/\/ampdigital.ca\/en\/","name":"AMP Digital Inc.","description":"Digital Agency","publisher":{"@id":"https:\/\/ampdigital.ca\/en\/#organization"},"potentialAction":[{"@type":"SearchAction","target":{"@type":"EntryPoint","urlTemplate":"https:\/\/ampdigital.ca\/en\/?s={search_term_string}"},"query-input":{"@type":"PropertyValueSpecification","valueRequired":true,"valueName":"search_term_string"}}],"inLanguage":"en-US"},{"@type":"Organization","@id":"https:\/\/ampdigital.ca\/en\/#organization","name":"AMP Digital Inc.","url":"https:\/\/ampdigital.ca\/en\/","logo":{"@type":"ImageObject","inLanguage":"en-US","@id":"https:\/\/ampdigital.ca\/en\/#\/schema\/logo\/image\/","url":"https:\/\/i1.wp.com\/ampdigital.ca\/wp-content\/uploads\/2020\/04\/ampdigital_outline-trans-small.png?fit=200%2C114&ssl=1","contentUrl":"https:\/\/i1.wp.com\/ampdigital.ca\/wp-content\/uploads\/2020\/04\/ampdigital_outline-trans-small.png?fit=200%2C114&ssl=1","width":200,"height":114,"caption":"AMP Digital Inc."},"image":{"@id":"https:\/\/ampdigital.ca\/en\/#\/schema\/logo\/image\/"}},{"@type":"Person","@id":"https:\/\/ampdigital.ca\/en\/#\/schema\/person\/14c53000cf73b1aafbc66f97e6f2b7ce","name":"Fr\u00e9d\u00e9ric Senterre","image":{"@type":"ImageObject","inLanguage":"en-US","@id":"https:\/\/secure.gravatar.com\/avatar\/7967b7650f8238dfb5886a79ca4c2771d8d113fe73a765b392c2e129fdd7b4a0?s=96&d=mm&r=g","url":"https:\/\/secure.gravatar.com\/avatar\/7967b7650f8238dfb5886a79ca4c2771d8d113fe73a765b392c2e129fdd7b4a0?s=96&d=mm&r=g","contentUrl":"https:\/\/secure.gravatar.com\/avatar\/7967b7650f8238dfb5886a79ca4c2771d8d113fe73a765b392c2e129fdd7b4a0?s=96&d=mm&r=g","caption":"Fr\u00e9d\u00e9ric Senterre"},"sameAs":["http:\/\/fredericsenterre.com","https:\/\/www.facebook.com\/fsenterre\/","https:\/\/www.instagram.com\/fsenterre"],"url":"https:\/\/ampdigital.ca\/en\/author\/fred\/"}]}},"_links":{"self":[{"href":"https:\/\/ampdigital.ca\/en\/wp-json\/wp\/v2\/posts\/7607","targetHints":{"allow":["GET"]}}],"collection":[{"href":"https:\/\/ampdigital.ca\/en\/wp-json\/wp\/v2\/posts"}],"about":[{"href":"https:\/\/ampdigital.ca\/en\/wp-json\/wp\/v2\/types\/post"}],"author":[{"embeddable":true,"href":"https:\/\/ampdigital.ca\/en\/wp-json\/wp\/v2\/users\/1"}],"replies":[{"embeddable":true,"href":"https:\/\/ampdigital.ca\/en\/wp-json\/wp\/v2\/comments?post=7607"}],"version-history":[{"count":0,"href":"https:\/\/ampdigital.ca\/en\/wp-json\/wp\/v2\/posts\/7607\/revisions"}],"wp:featuredmedia":[{"embeddable":true,"href":"https:\/\/ampdigital.ca\/en\/wp-json\/wp\/v2\/media\/7604"}],"wp:attachment":[{"href":"https:\/\/ampdigital.ca\/en\/wp-json\/wp\/v2\/media?parent=7607"}],"wp:term":[{"taxonomy":"category","embeddable":true,"href":"https:\/\/ampdigital.ca\/en\/wp-json\/wp\/v2\/categories?post=7607"},{"taxonomy":"post_tag","embeddable":true,"href":"https:\/\/ampdigital.ca\/en\/wp-json\/wp\/v2\/tags?post=7607"}],"curies":[{"name":"wp","href":"https:\/\/api.w.org\/{rel}","templated":true}]}}